{"id":5113,"date":"2019-02-28T18:16:08","date_gmt":"2019-02-28T21:16:08","guid":{"rendered":"https:\/\/theinternationalobservatory.com\/?p=5113"},"modified":"2019-02-28T19:40:00","modified_gmt":"2019-02-28T22:40:00","slug":"acciones-israelies-contra-palestinos-crimenes-de-guerra","status":"publish","type":"post","link":"https:\/\/theinternationalobservatory.com\/index.php\/2019\/02\/28\/acciones-israelies-contra-palestinos-crimenes-de-guerra\/","title":{"rendered":"Las Acciones Israel\u00edes Contra Palestinos Podr\u00edan Constituir Cr\u00edmenes de Guerra"},"content":{"rendered":"\r\n<p>Fuente: <a href=\"https:\/\/news.un.org\/es\/story\/2019\/02\/1452022\">UN News<\/a><\/p>\r\n\r\n\r\n\r\n<blockquote>\r\n<p>Una comisi\u00f3n de investigaci\u00f3n tiene en cuenta las alegaciones israel\u00edes de que las protestas en la valla de separaci\u00f3n encubr\u00edan actividades terroristas de los grupos armados palestinos. Sin embargo, constata que, pese a algunos actos de violencia significativa, las manifestaciones eran de car\u00e1cter civil y con objetivos pol\u00edticos claramente definidos.<\/p>\r\n<\/blockquote>\r\n\r\n\r\n\r\n<p>La Comisi\u00f3n Independiente de las Naciones Unidas encargada de investigar las protestas en territorio palestino acontecidas durante el a\u00f1o pasado, concluy\u00f3 que \u201ctiene motivos razonables\u201d para creer que los soldados israel\u00edes \u201ccometieron violaciones de las normas internacionales de derechos humanos\u201d que pueden llegar a constituir cr\u00edmenes de guerra.<\/p>\r\n\r\n\r\n\r\n<p>As\u00ed se manifestaba este jueves en Ginebra el presidente de la Comisi\u00f3n de Investigaci\u00f3n, el argentino Santiago Cant\u00f3n, sobre los acontecimientos iniciados el 30 de marzo, cuando los l\u00edderes palestinos convocaron una serie de protestas contra la ocupaci\u00f3n israel\u00ed conocida popularmente como La Gran Marcha del Retorno.<\/p>\r\n\r\n\r\n\r\n<p>\u201cLo principal que encontramos en esta<a href=\"https:\/\/www.ohchr.org\/EN\/HRBodies\/HRC\/CoIOPT\/Pages\/Report2018OPT.aspx\" target=\"_blank\" rel=\"noreferrer noopener\">\u00a0investigaci\u00f3n<\/a>\u00a0es que hay razones suficientes para establecer que\u00a0<strong>hubo violaciones a los derechos humanos o al derecho internacional humanitario<\/strong>; y que estos hechos pueden constituir, para una corte, cr\u00edmenes de lesa humanidad o cr\u00edmenes de guerra, pero para eso hace falta una mayor investigaci\u00f3n por parte de una corte criminal\u201d, destac\u00f3 Cant\u00f3n.<\/p>\r\n\r\n\r\n\r\n<p>Cant\u00f3n se\u00f1al\u00f3 que Israel tiene la responsabilidad de investigar con la m\u00e1xima celeridad los cr\u00edmenes relacionados con las protestas, de forma \u201cimparcial e independiente\u201d y de acuerdo a las normas internacionales, para establecer si se cometieron cr\u00edmenes de guerra o de lesa humanidad.<\/p>\r\n\r\n\r\n\r\n<p>La investigaci\u00f3n fue solicitada por el Consejo de Derechos Humanos mediante una resoluci\u00f3n adoptada el pasado 18 de mayo, y abarc\u00f3 un periodo de tiempo comprendido desde el inicio entre el inicio de las protestas el 30 de marzo hasta el 31 de diciembre de 2018.<\/p>\r\n\r\n\r\n\r\n<h3 class=\"wp-block-heading\"><strong>Ni\u00f1os, m\u00e9dicos y periodistas entre los muertos<\/strong><\/h3>\r\n\r\n\r\n\r\n<p>La Comisi\u00f3n investig\u00f3 todos los asesinatos cometidos en la valla de separaci\u00f3n entre Gaza e Israel durante las protestas y estableci\u00f3 que fallecieron 189 palestinos durante este per\u00edodo, 183 de ellos por las fuerzas de seguridad israel\u00edes con munici\u00f3n real.<\/p>\r\n\r\n\r\n\r\n<p>Entre las v\u00edctimas mortales 35 eran ni\u00f1os, 3 eran param\u00e9dicos claramente identificados y otras 2 fueron periodistas tambi\u00e9n expl\u00edcitamente expuestos.<\/p>\r\n\r\n\r\n\r\n<p>Otras de las integrantes de la Comisi\u00f3n, Sara Hossain, indic\u00f3 que no hay ning\u00fan tipo de justificaci\u00f3n \u201cpara matar y herir a periodistas, m\u00e9dicos y personas\u00a0<strong>que no representan una amenaza inminente<\/strong>\u00a0de muerte o lesiones graves para quienes est\u00e1n alrededor de ellas\u201d y calific\u00f3 como alarmante \u201cel hecho de que ni\u00f1os, ni\u00f1as y personas discapacitadas sean blanco de ataques\u201d.<\/p>\r\n\r\n\r\n\r\n<p>Asimismo, 6106 palestinos resultaron heridos con munici\u00f3n real por las fuerzas del orden israel\u00edes. Otros 3098 palestinos fueron lesionados por pedazos de balas, balas de metal recubiertas de goma o por los golpes causados por las latas de gases lacrim\u00f3genos.<\/p>\r\n\r\n\r\n\r\n<h3 class=\"wp-block-heading\"><strong>Uso de cometas y globos incendiarios<\/strong><\/h3>\r\n\r\n\r\n\r\n<p>Por el lado israel\u00ed resultaron heridos cuatro soldados y uno de ellos falleci\u00f3, pero fuera de los lugares de protesta.<\/p>\r\n\r\n\r\n\r\n<p>La Comisi\u00f3n tuvo en cuenta la alegaci\u00f3n israel\u00ed de que las protestas en la valla de separaci\u00f3n\u00a0<strong>encubr\u00edan &#8220;actividades terroristas&#8221;<\/strong>\u00a0de los grupos armados palestinos. Sin embargo, constat\u00f3 que, pese a algunos actos de violencia significativa, \u201clas manifestaciones eran de car\u00e1cter civil y con objetivos pol\u00edticos claramente definidos\u201d.<\/p>\r\n\r\n\r\n\r\n<p>Igualmente, descubri\u00f3 que algunos miembros del Comit\u00e9 organizador de las protestas, que incluye a representantes de Ham\u00e1s, alentaron a los manifestantes \u201cal uso indiscriminado de cometas y globos incendiarios\u201d, una situaci\u00f3n que \u201ccaus\u00f3 temor entre la poblaci\u00f3n civil y da\u00f1os materiales significativos en el sur de Israel\u201d.<\/p>\r\n\r\n\r\n\r\n<p>Hamas, la autoridad de facto en Gaza, no pudo impedir esos actos, destac\u00f3 la Comisi\u00f3n.<\/p>\r\n\r\n\r\n\r\n<h3 class=\"wp-block-heading\"><strong>Rendici\u00f3n de cuentas y responsables<\/strong><\/h3>\r\n\r\n\r\n\r\n<p>El Consejo de Derechos Humanos tambi\u00e9n pidi\u00f3 a la Comisi\u00f3n que centrara su investigaci\u00f3n\u00a0<strong>en la rendici\u00f3n de cuentas y la identificaci\u00f3n de los responsables<\/strong>\u00a0de las violaciones y los presuntos cr\u00edmenes internacionales.<\/p>\r\n\r\n\r\n\r\n<p>En relaci\u00f3n a este apartado, &#8220;la Comisi\u00f3n depositar\u00e1 la informaci\u00f3n pertinente en un archivo confidencial que se entregar\u00e1 a la Alta Comisionada de las Naciones Unidas para los Derechos Humanos, a fin de facilitar el acceso a esa informaci\u00f3n a los mecanismos de justicia nacionales e internacionales.<\/p>\r\n\r\n\r\n\r\n<p>La Corte Penal Internacional ya est\u00e1 interesada en este caso&#8221;, seg\u00fan indic\u00f3 Betty Muringui, la tercera integrante del Comit\u00e9.<\/p>\r\n\r\n\r\n\r\n<h3 class=\"wp-block-heading\"><strong>Recomendaciones a Israel, Ham\u00e1s y la Autoridad Palestina<\/strong><\/h3>\r\n\r\n\r\n\r\n<p>Entre las recomendaciones del informe se incluye a todas las partes \u201ccon alg\u00fan tipo de responsabilidad\u201d, indic\u00f3 Santiago Cant\u00f3n al incluir a Israel, Ham\u00e1s y la Autoridad Palestina.<\/p>\r\n\r\n\r\n\r\n<p>Cant\u00f3n espera que Israel acepte las recomendaciones y \u201cque revise las reglas de combate que tienen, que est\u00e1n aplicando y la manera en qu\u00e9 se aplican\u201d y pidi\u00f3 que \u201clas adec\u00faen a los est\u00e1ndares internacionales que nosotros como Comisi\u00f3n recomendamos y aplicamos en este informe\u201d.<\/p>\r\n\r\n\r\n\r\n<h3 class=\"wp-block-heading\"><strong>La presentaci\u00f3n ante el Consejo, el 18 de marzo<\/strong><\/h3>\r\n\r\n\r\n\r\n<p>La redacci\u00f3n del informe se bas\u00f3 en 325 entrevistas con v\u00edctimas, testigos y fuentes, y recopil\u00f3 m\u00e1s de 8000 documentos. Una parte esencial de la investigaci\u00f3n se realiz\u00f3 en el an\u00e1lisis exhaustivo de redes sociales y grandes cantidades de material audiovisual.<\/p>\r\n\r\n\r\n\r\n<p>El pr\u00f3ximo 18 de marzo se publicar\u00e1 y presentar\u00e1 ante el Consejo de Derechos Humanos un informe m\u00e1s completo, que contendr\u00e1 informaci\u00f3n detallada sobre los hechos y el contexto, as\u00ed como an\u00e1lisis jur\u00eddicos.\u00a0<\/p>\r\n\r\n\r\n\r\n<p>La Comisi\u00f3n Independiente de las Naciones Unidas est\u00e1 integrada por el argentino Santiago Cant\u00f3n como presidente, Sara Hossain de Bangladesh y Betty Murungi de Kenya.<\/p>\r\n","protected":false},"excerpt":{"rendered":"<p>Fuente: UN News Una comisi\u00f3n de investigaci\u00f3n tiene en cuenta las alegaciones israel\u00edes de que las protestas en la valla de separaci\u00f3n encubr\u00edan actividades terroristas de los grupos armados palestinos. Sin embargo, constata que, pese a algunos actos de violencia significativa, las manifestaciones eran de car\u00e1cter civil y con objetivos pol\u00edticos claramente definidos. La Comisi\u00f3n Independiente de las Naciones Unidas encargada de investigar las protestas en territorio palestino acontecidas durante el a\u00f1o pasado, concluy\u00f3 que \u201ctiene motivos razonables\u201d para creer que los soldados israel\u00edes \u201ccometieron violaciones de las normas internacionales de derechos humanos\u201d que pueden llegar a constituir cr\u00edmenes de [&hellip;]<\/p>\n","protected":false},"author":10,"featured_media":5114,"comment_status":"open","ping_status":"open","sticky":false,"template":"","format":"standard","meta":{"_monsterinsights_skip_tracking":false,"_monsterinsights_sitenote_active":false,"_monsterinsights_sitenote_note":"","_monsterinsights_sitenote_category":0,"footnotes":""},"categories":[57],"tags":[254,351,230,261,229],"class_list":["post-5113","post","type-post","status-publish","format-standard","has-post-thumbnail","hentry","category-noticias","tag-cpi","tag-crimenes-de-guerra","tag-israel","tag-onu","tag-palestina"],"yoast_head":"<!-- This site is optimized with the Yoast SEO plugin v23.3 - https:\/\/yoast.com\/wordpress\/plugins\/seo\/ -->\n<title>Marcha del Retorno: Israel Podr\u00eda Haber Cometido Cr\u00edmenes de Guerra<\/title>\n<meta name=\"description\" content=\"Las acciones israel\u00edes durante La Marcha del Retorno palestina pueden constituir cr\u00edmenes de guerra seg\u00fan la Comisi\u00f3n Independiente de las Naciones Unidas.\" \/>\n<meta name=\"robots\" content=\"index, follow, max-snippet:-1, max-image-preview:large, max-video-preview:-1\" \/>\n<link rel=\"canonical\" href=\"https:\/\/theinternationalobservatory.com\/index.php\/2019\/02\/28\/acciones-israelies-contra-palestinos-crimenes-de-guerra\/\" \/>\n<meta property=\"og:locale\" content=\"es_ES\" \/>\n<meta property=\"og:type\" content=\"article\" \/>\n<meta property=\"og:title\" content=\"Marcha del Retorno: Israel Podr\u00eda Haber Cometido Cr\u00edmenes de Guerra\" \/>\n<meta property=\"og:description\" content=\"Las acciones israel\u00edes durante La Marcha del Retorno palestina pueden constituir cr\u00edmenes de guerra seg\u00fan la Comisi\u00f3n Independiente de las Naciones Unidas.\" \/>\n<meta property=\"og:url\" content=\"https:\/\/theinternationalobservatory.com\/index.php\/2019\/02\/28\/acciones-israelies-contra-palestinos-crimenes-de-guerra\/\" \/>\n<meta property=\"og:site_name\" content=\"The Observatory of International Law\" \/>\n<meta property=\"article:publisher\" content=\"https:\/\/www.facebook.com\/theobservatoryofinternationallaw\/\" \/>\n<meta property=\"article:published_time\" content=\"2019-02-28T21:16:08+00:00\" \/>\n<meta property=\"article:modified_time\" content=\"2019-02-28T22:40:00+00:00\" \/>\n<meta property=\"og:image\" content=\"https:\/\/theinternationalobservatory.com\/wp-content\/uploads\/2019\/02\/Comision.jpg\" \/>\n\t<meta property=\"og:image:width\" content=\"1178\" \/>\n\t<meta property=\"og:image:height\" content=\"530\" \/>\n\t<meta property=\"og:image:type\" content=\"image\/jpeg\" \/>\n<meta name=\"author\" content=\"The Observatory of International Law\" \/>\n<meta name=\"twitter:card\" content=\"summary_large_image\" \/>\n<meta name=\"twitter:creator\" content=\"@The_OILaw\" \/>\n<meta name=\"twitter:site\" content=\"@The_OILaw\" \/>\n<meta name=\"twitter:label1\" content=\"Escrito por\" \/>\n\t<meta name=\"twitter:data1\" content=\"The Observatory of International Law\" \/>\n\t<meta name=\"twitter:label2\" content=\"Tiempo de lectura\" \/>\n\t<meta name=\"twitter:data2\" content=\"5 minutos\" \/>\n<script type=\"application\/ld+json\" class=\"yoast-schema-graph\">{\"@context\":\"https:\/\/schema.org\",\"@graph\":[{\"@type\":\"WebPage\",\"@id\":\"https:\/\/theinternationalobservatory.com\/index.php\/2019\/02\/28\/acciones-israelies-contra-palestinos-crimenes-de-guerra\/\",\"url\":\"https:\/\/theinternationalobservatory.com\/index.php\/2019\/02\/28\/acciones-israelies-contra-palestinos-crimenes-de-guerra\/\",\"name\":\"Marcha del Retorno: Israel Podr\u00eda Haber Cometido Cr\u00edmenes de Guerra\",\"isPartOf\":{\"@id\":\"https:\/\/theinternationalobservatory.com\/#website\"},\"primaryImageOfPage\":{\"@id\":\"https:\/\/theinternationalobservatory.com\/index.php\/2019\/02\/28\/acciones-israelies-contra-palestinos-crimenes-de-guerra\/#primaryimage\"},\"image\":{\"@id\":\"https:\/\/theinternationalobservatory.com\/index.php\/2019\/02\/28\/acciones-israelies-contra-palestinos-crimenes-de-guerra\/#primaryimage\"},\"thumbnailUrl\":\"https:\/\/theinternationalobservatory.com\/wp-content\/uploads\/2019\/02\/Comision.jpg\",\"datePublished\":\"2019-02-28T21:16:08+00:00\",\"dateModified\":\"2019-02-28T22:40:00+00:00\",\"author\":{\"@id\":\"https:\/\/theinternationalobservatory.com\/#\/schema\/person\/9cf6482321c7595774d814c26e7cd50c\"},\"description\":\"Las acciones israel\u00edes durante La Marcha del Retorno palestina pueden constituir cr\u00edmenes de guerra seg\u00fan la Comisi\u00f3n Independiente de las Naciones Unidas.\",\"breadcrumb\":{\"@id\":\"https:\/\/theinternationalobservatory.com\/index.php\/2019\/02\/28\/acciones-israelies-contra-palestinos-crimenes-de-guerra\/#breadcrumb\"},\"inLanguage\":\"es-AR\",\"potentialAction\":[{\"@type\":\"ReadAction\",\"target\":[\"https:\/\/theinternationalobservatory.com\/index.php\/2019\/02\/28\/acciones-israelies-contra-palestinos-crimenes-de-guerra\/\"]}]},{\"@type\":\"ImageObject\",\"inLanguage\":\"es-AR\",\"@id\":\"https:\/\/theinternationalobservatory.com\/index.php\/2019\/02\/28\/acciones-israelies-contra-palestinos-crimenes-de-guerra\/#primaryimage\",\"url\":\"https:\/\/theinternationalobservatory.com\/wp-content\/uploads\/2019\/02\/Comision.jpg\",\"contentUrl\":\"https:\/\/theinternationalobservatory.com\/wp-content\/uploads\/2019\/02\/Comision.jpg\",\"width\":1178,\"height\":530},{\"@type\":\"BreadcrumbList\",\"@id\":\"https:\/\/theinternationalobservatory.com\/index.php\/2019\/02\/28\/acciones-israelies-contra-palestinos-crimenes-de-guerra\/#breadcrumb\",\"itemListElement\":[{\"@type\":\"ListItem\",\"position\":1,\"name\":\"Inicio\",\"item\":\"https:\/\/theinternationalobservatory.com\/\"},{\"@type\":\"ListItem\",\"position\":2,\"name\":\"Las Acciones Israel\u00edes Contra Palestinos Podr\u00edan Constituir Cr\u00edmenes de Guerra\"}]},{\"@type\":\"WebSite\",\"@id\":\"https:\/\/theinternationalobservatory.com\/#website\",\"url\":\"https:\/\/theinternationalobservatory.com\/\",\"name\":\"The Observatory of International Law\",\"description\":\"Interesting things in International Law\",\"potentialAction\":[{\"@type\":\"SearchAction\",\"target\":{\"@type\":\"EntryPoint\",\"urlTemplate\":\"https:\/\/theinternationalobservatory.com\/?s={search_term_string}\"},\"query-input\":\"required name=search_term_string\"}],\"inLanguage\":\"es-AR\"},{\"@type\":\"Person\",\"@id\":\"https:\/\/theinternationalobservatory.com\/#\/schema\/person\/9cf6482321c7595774d814c26e7cd50c\",\"name\":\"The Observatory of International Law\",\"image\":{\"@type\":\"ImageObject\",\"inLanguage\":\"es-AR\",\"@id\":\"https:\/\/theinternationalobservatory.com\/#\/schema\/person\/image\/\",\"url\":\"https:\/\/theinternationalobservatory.com\/wp-content\/uploads\/2017\/11\/log2-100x100.png\",\"contentUrl\":\"https:\/\/theinternationalobservatory.com\/wp-content\/uploads\/2017\/11\/log2-100x100.png\",\"caption\":\"The Observatory of International Law\"},\"url\":\"https:\/\/theinternationalobservatory.com\/index.php\/author\/the-observatory-of-international-law\/\"}]}<\/script>\n<!-- \/ Yoast SEO plugin. -->","yoast_head_json":{"title":"Marcha del Retorno: Israel Podr\u00eda Haber Cometido Cr\u00edmenes de Guerra","description":"Las acciones israel\u00edes durante La Marcha del Retorno palestina pueden constituir cr\u00edmenes de guerra seg\u00fan la Comisi\u00f3n Independiente de las Naciones Unidas.","robots":{"index":"index","follow":"follow","max-snippet":"max-snippet:-1","max-image-preview":"max-image-preview:large","max-video-preview":"max-video-preview:-1"},"canonical":"https:\/\/theinternationalobservatory.com\/index.php\/2019\/02\/28\/acciones-israelies-contra-palestinos-crimenes-de-guerra\/","og_locale":"es_ES","og_type":"article","og_title":"Marcha del Retorno: Israel Podr\u00eda Haber Cometido Cr\u00edmenes de Guerra","og_description":"Las acciones israel\u00edes durante La Marcha del Retorno palestina pueden constituir cr\u00edmenes de guerra seg\u00fan la Comisi\u00f3n Independiente de las Naciones Unidas.","og_url":"https:\/\/theinternationalobservatory.com\/index.php\/2019\/02\/28\/acciones-israelies-contra-palestinos-crimenes-de-guerra\/","og_site_name":"The Observatory of International Law","article_publisher":"https:\/\/www.facebook.com\/theobservatoryofinternationallaw\/","article_published_time":"2019-02-28T21:16:08+00:00","article_modified_time":"2019-02-28T22:40:00+00:00","og_image":[{"width":1178,"height":530,"url":"https:\/\/theinternationalobservatory.com\/wp-content\/uploads\/2019\/02\/Comision.jpg","type":"image\/jpeg"}],"author":"The Observatory of International Law","twitter_card":"summary_large_image","twitter_creator":"@The_OILaw","twitter_site":"@The_OILaw","twitter_misc":{"Escrito por":"The Observatory of International Law","Tiempo de lectura":"5 minutos"},"schema":{"@context":"https:\/\/schema.org","@graph":[{"@type":"WebPage","@id":"https:\/\/theinternationalobservatory.com\/index.php\/2019\/02\/28\/acciones-israelies-contra-palestinos-crimenes-de-guerra\/","url":"https:\/\/theinternationalobservatory.com\/index.php\/2019\/02\/28\/acciones-israelies-contra-palestinos-crimenes-de-guerra\/","name":"Marcha del Retorno: Israel Podr\u00eda Haber Cometido Cr\u00edmenes de Guerra","isPartOf":{"@id":"https:\/\/theinternationalobservatory.com\/#website"},"primaryImageOfPage":{"@id":"https:\/\/theinternationalobservatory.com\/index.php\/2019\/02\/28\/acciones-israelies-contra-palestinos-crimenes-de-guerra\/#primaryimage"},"image":{"@id":"https:\/\/theinternationalobservatory.com\/index.php\/2019\/02\/28\/acciones-israelies-contra-palestinos-crimenes-de-guerra\/#primaryimage"},"thumbnailUrl":"https:\/\/theinternationalobservatory.com\/wp-content\/uploads\/2019\/02\/Comision.jpg","datePublished":"2019-02-28T21:16:08+00:00","dateModified":"2019-02-28T22:40:00+00:00","author":{"@id":"https:\/\/theinternationalobservatory.com\/#\/schema\/person\/9cf6482321c7595774d814c26e7cd50c"},"description":"Las acciones israel\u00edes durante La Marcha del Retorno palestina pueden constituir cr\u00edmenes de guerra seg\u00fan la Comisi\u00f3n Independiente de las Naciones Unidas.","breadcrumb":{"@id":"https:\/\/theinternationalobservatory.com\/index.php\/2019\/02\/28\/acciones-israelies-contra-palestinos-crimenes-de-guerra\/#breadcrumb"},"inLanguage":"es-AR","potentialAction":[{"@type":"ReadAction","target":["https:\/\/theinternationalobservatory.com\/index.php\/2019\/02\/28\/acciones-israelies-contra-palestinos-crimenes-de-guerra\/"]}]},{"@type":"ImageObject","inLanguage":"es-AR","@id":"https:\/\/theinternationalobservatory.com\/index.php\/2019\/02\/28\/acciones-israelies-contra-palestinos-crimenes-de-guerra\/#primaryimage","url":"https:\/\/theinternationalobservatory.com\/wp-content\/uploads\/2019\/02\/Comision.jpg","contentUrl":"https:\/\/theinternationalobservatory.com\/wp-content\/uploads\/2019\/02\/Comision.jpg","width":1178,"height":530},{"@type":"BreadcrumbList","@id":"https:\/\/theinternationalobservatory.com\/index.php\/2019\/02\/28\/acciones-israelies-contra-palestinos-crimenes-de-guerra\/#breadcrumb","itemListElement":[{"@type":"ListItem","position":1,"name":"Inicio","item":"https:\/\/theinternationalobservatory.com\/"},{"@type":"ListItem","position":2,"name":"Las Acciones Israel\u00edes Contra Palestinos Podr\u00edan Constituir Cr\u00edmenes de Guerra"}]},{"@type":"WebSite","@id":"https:\/\/theinternationalobservatory.com\/#website","url":"https:\/\/theinternationalobservatory.com\/","name":"The Observatory of International Law","description":"Interesting things in International Law","potentialAction":[{"@type":"SearchAction","target":{"@type":"EntryPoint","urlTemplate":"https:\/\/theinternationalobservatory.com\/?s={search_term_string}"},"query-input":"required name=search_term_string"}],"inLanguage":"es-AR"},{"@type":"Person","@id":"https:\/\/theinternationalobservatory.com\/#\/schema\/person\/9cf6482321c7595774d814c26e7cd50c","name":"The Observatory of International Law","image":{"@type":"ImageObject","inLanguage":"es-AR","@id":"https:\/\/theinternationalobservatory.com\/#\/schema\/person\/image\/","url":"https:\/\/theinternationalobservatory.com\/wp-content\/uploads\/2017\/11\/log2-100x100.png","contentUrl":"https:\/\/theinternationalobservatory.com\/wp-content\/uploads\/2017\/11\/log2-100x100.png","caption":"The Observatory of International Law"},"url":"https:\/\/theinternationalobservatory.com\/index.php\/author\/the-observatory-of-international-law\/"}]}},"jetpack_featured_media_url":"https:\/\/theinternationalobservatory.com\/wp-content\/uploads\/2019\/02\/Comision.jpg","_links":{"self":[{"href":"https:\/\/theinternationalobservatory.com\/index.php\/wp-json\/wp\/v2\/posts\/5113"}],"collection":[{"href":"https:\/\/theinternationalobservatory.com\/index.php\/wp-json\/wp\/v2\/posts"}],"about":[{"href":"https:\/\/theinternationalobservatory.com\/index.php\/wp-json\/wp\/v2\/types\/post"}],"author":[{"embeddable":true,"href":"https:\/\/theinternationalobservatory.com\/index.php\/wp-json\/wp\/v2\/users\/10"}],"replies":[{"embeddable":true,"href":"https:\/\/theinternationalobservatory.com\/index.php\/wp-json\/wp\/v2\/comments?post=5113"}],"version-history":[{"count":6,"href":"https:\/\/theinternationalobservatory.com\/index.php\/wp-json\/wp\/v2\/posts\/5113\/revisions"}],"predecessor-version":[{"id":5121,"href":"https:\/\/theinternationalobservatory.com\/index.php\/wp-json\/wp\/v2\/posts\/5113\/revisions\/5121"}],"wp:featuredmedia":[{"embeddable":true,"href":"https:\/\/theinternationalobservatory.com\/index.php\/wp-json\/wp\/v2\/media\/5114"}],"wp:attachment":[{"href":"https:\/\/theinternationalobservatory.com\/index.php\/wp-json\/wp\/v2\/media?parent=5113"}],"wp:term":[{"taxonomy":"category","embeddable":true,"href":"https:\/\/theinternationalobservatory.com\/index.php\/wp-json\/wp\/v2\/categories?post=5113"},{"taxonomy":"post_tag","embeddable":true,"href":"https:\/\/theinternationalobservatory.com\/index.php\/wp-json\/wp\/v2\/tags?post=5113"}],"curies":[{"name":"wp","href":"https:\/\/api.w.org\/{rel}","templated":true}]}}